{"id":6705,"date":"2025-12-12T15:17:07","date_gmt":"2025-12-12T14:17:07","guid":{"rendered":"https:\/\/www.autisme-neuchatel.ch\/New\/?p=6705"},"modified":"2025-12-12T15:17:09","modified_gmt":"2025-12-12T14:17:09","slug":"cine-douceur-13-decembre-2025-13h30-scala-la-chaux-de-fonds","status":"publish","type":"post","link":"https:\/\/www.autisme-neuchatel.ch\/New\/?p=6705","title":{"rendered":"Cin\u00e9 Douceur 13 d\u00e9cembre 2025 13h30 Scala la Chaux-de-Fonds"},"content":{"rendered":"\n<p>Cher(e)s toutes et tous,<\/p>\n\n\n\n<p>Le Cinepel La Chaux-de-Fonds et Autisme Neuch\u00e2tel vous proposent une nouvelle s\u00e9ance de cin\u00e9ma adapt\u00e9, pour petits et grands ainsi qu\u2019un accompagnant le :<\/p>\n\n\n\n<p><strong><u>Samedi 13 d\u00e9cembre 2025\u00e0 13h30<\/u>\u00a0au cin\u00e9ma\u00a0Scala de la Chaux-de-Fonds<\/strong><\/p>\n\n\n\n<p><\/p>\n\n\n\n<p>\u00ab\u00a0Panique \u00e0 No\u00ebl\u00a0\u00bb est le film qui sera projet\u00e9.<\/p>\n\n\n\n<p>Bande-annonce : https:\/\/youtu.be\/hFSxIQEVJIA<\/p>\n","protected":false},"excerpt":{"rendered":"<p>Cher(e)s toutes et tous, Le Cinepel La Chaux-de-Fonds et Autisme Neuch\u00e2tel vous proposent une nouvelle s\u00e9ance de cin\u00e9ma adapt\u00e9, pour petits et grands ainsi qu\u2019un accompagnant le : Samedi 13 &hellip; <\/p>\n<p class=\"link-more\"><a href=\"https:\/\/www.autisme-neuchatel.ch\/New\/?p=6705\" class=\"more-link\">Continuer la lecture<span class=\"screen-reader-text\"> de &laquo;&nbsp;Cin\u00e9 Douceur 13 d\u00e9cembre 2025 13h30 Scala la Chaux-de-Fonds&nbsp;&raquo;<\/span><\/a><\/p>\n","protected":false},"author":1,"featured_media":0,"comment_status":"closed","ping_status":"open","sticky":false,"template":"","format":"standard","meta":{"_price":"","_stock":"","_tribe_ticket_header":"","_tribe_default_ticket_provider":"","_tribe_ticket_capacity":"","_ticket_start_date":"","_ticket_end_date":"","_tribe_ticket_show_description":"","_tribe_ticket_show_not_going":false,"_tribe_ticket_use_global_stock":"","_tribe_ticket_global_stock_level":"","_global_stock_mode":"","_global_stock_cap":"","_tribe_rsvp_for_event":"","_tribe_ticket_going_count":"","_tribe_ticket_not_going_count":"","_tribe_tickets_list":"[]","_tribe_ticket_has_attendee_info_fields":false,"footnotes":""},"categories":[3],"tags":[],"class_list":["post-6705","post","type-post","status-publish","format-standard","hentry","category-general"],"jetpack_featured_media_url":"","_links":{"self":[{"href":"https:\/\/www.autisme-neuchatel.ch\/New\/index.php?rest_route=\/wp\/v2\/posts\/6705","targetHints":{"allow":["GET"]}}],"collection":[{"href":"https:\/\/www.autisme-neuchatel.ch\/New\/index.php?rest_route=\/wp\/v2\/posts"}],"about":[{"href":"https:\/\/www.autisme-neuchatel.ch\/New\/index.php?rest_route=\/wp\/v2\/types\/post"}],"author":[{"embeddable":true,"href":"https:\/\/www.autisme-neuchatel.ch\/New\/index.php?rest_route=\/wp\/v2\/users\/1"}],"replies":[{"embeddable":true,"href":"https:\/\/www.autisme-neuchatel.ch\/New\/index.php?rest_route=%2Fwp%2Fv2%2Fcomments&post=6705"}],"version-history":[{"count":2,"href":"https:\/\/www.autisme-neuchatel.ch\/New\/index.php?rest_route=\/wp\/v2\/posts\/6705\/revisions"}],"predecessor-version":[{"id":6707,"href":"https:\/\/www.autisme-neuchatel.ch\/New\/index.php?rest_route=\/wp\/v2\/posts\/6705\/revisions\/6707"}],"wp:attachment":[{"href":"https:\/\/www.autisme-neuchatel.ch\/New\/index.php?rest_route=%2Fwp%2Fv2%2Fmedia&parent=6705"}],"wp:term":[{"taxonomy":"category","embeddable":true,"href":"https:\/\/www.autisme-neuchatel.ch\/New\/index.php?rest_route=%2Fwp%2Fv2%2Fcategories&post=6705"},{"taxonomy":"post_tag","embeddable":true,"href":"https:\/\/www.autisme-neuchatel.ch\/New\/index.php?rest_route=%2Fwp%2Fv2%2Ftags&post=6705"}],"curies":[{"name":"wp","href":"https:\/\/api.w.org\/{rel}","templated":true}]}}