{"id":6513,"date":"2024-11-25T12:18:04","date_gmt":"2024-11-25T11:18:04","guid":{"rendered":"https:\/\/www.autisme-neuchatel.ch\/New\/?p=6513"},"modified":"2024-11-25T12:18:42","modified_gmt":"2024-11-25T11:18:42","slug":"etude-autisme-et-ecole","status":"publish","type":"post","link":"https:\/\/www.autisme-neuchatel.ch\/New\/?p=6513","title":{"rendered":"\u00c9tude \u00ab\u00a0Autisme et \u00e9cole\u00a0\u00bb"},"content":{"rendered":"<p><a href=\"https:\/\/www.autisme-neuchatel.ch\/New\/wp-content\/uploads\/2024\/11\/Lettre_Parents_Autisme_Ecole.pdf\">Lettre_Parents_Autisme_Ecole<\/a><\/p>\n<p>En cliquant sur le lien pr\u00e9c\u00e9dent, vous pouvez participer \u00e0 une \u00e9tude sur \u00ab Autisme et \u00e9cole \u00bb. Elle s\u2019adresse donc aux parents d\u2019enfants avec TSA.<\/p>\n","protected":false},"excerpt":{"rendered":"<p>Lettre_Parents_Autisme_Ecole En cliquant sur le lien pr\u00e9c\u00e9dent, vous pouvez participer \u00e0 une \u00e9tude sur \u00ab Autisme et \u00e9cole \u00bb. Elle s\u2019adresse donc aux parents d\u2019enfants avec TSA.<\/p>\n","protected":false},"author":1,"featured_media":0,"comment_status":"closed","ping_status":"open","sticky":false,"template":"","format":"standard","meta":{"_price":"","_stock":"","_tribe_ticket_header":"","_tribe_default_ticket_provider":"","_tribe_ticket_capacity":"0","_ticket_start_date":"","_ticket_end_date":"","_tribe_ticket_show_description":"","_tribe_ticket_show_not_going":false,"_tribe_ticket_use_global_stock":"","_tribe_ticket_global_stock_level":"","_global_stock_mode":"","_global_stock_cap":"","_tribe_rsvp_for_event":"","_tribe_ticket_going_count":"","_tribe_ticket_not_going_count":"","_tribe_tickets_list":"[]","_tribe_ticket_has_attendee_info_fields":false,"footnotes":""},"categories":[3],"tags":[],"class_list":["post-6513","post","type-post","status-publish","format-standard","hentry","category-general"],"jetpack_featured_media_url":"","_links":{"self":[{"href":"https:\/\/www.autisme-neuchatel.ch\/New\/index.php?rest_route=\/wp\/v2\/posts\/6513","targetHints":{"allow":["GET"]}}],"collection":[{"href":"https:\/\/www.autisme-neuchatel.ch\/New\/index.php?rest_route=\/wp\/v2\/posts"}],"about":[{"href":"https:\/\/www.autisme-neuchatel.ch\/New\/index.php?rest_route=\/wp\/v2\/types\/post"}],"author":[{"embeddable":true,"href":"https:\/\/www.autisme-neuchatel.ch\/New\/index.php?rest_route=\/wp\/v2\/users\/1"}],"replies":[{"embeddable":true,"href":"https:\/\/www.autisme-neuchatel.ch\/New\/index.php?rest_route=%2Fwp%2Fv2%2Fcomments&post=6513"}],"version-history":[{"count":1,"href":"https:\/\/www.autisme-neuchatel.ch\/New\/index.php?rest_route=\/wp\/v2\/posts\/6513\/revisions"}],"predecessor-version":[{"id":6515,"href":"https:\/\/www.autisme-neuchatel.ch\/New\/index.php?rest_route=\/wp\/v2\/posts\/6513\/revisions\/6515"}],"wp:attachment":[{"href":"https:\/\/www.autisme-neuchatel.ch\/New\/index.php?rest_route=%2Fwp%2Fv2%2Fmedia&parent=6513"}],"wp:term":[{"taxonomy":"category","embeddable":true,"href":"https:\/\/www.autisme-neuchatel.ch\/New\/index.php?rest_route=%2Fwp%2Fv2%2Fcategories&post=6513"},{"taxonomy":"post_tag","embeddable":true,"href":"https:\/\/www.autisme-neuchatel.ch\/New\/index.php?rest_route=%2Fwp%2Fv2%2Ftags&post=6513"}],"curies":[{"name":"wp","href":"https:\/\/api.w.org\/{rel}","templated":true}]}}