{"id":6511,"date":"2024-11-20T23:17:13","date_gmt":"2024-11-20T22:17:13","guid":{"rendered":"https:\/\/www.autisme-neuchatel.ch\/New\/?p=6511"},"modified":"2024-11-20T23:17:15","modified_gmt":"2024-11-20T22:17:15","slug":"office-ai-programme-de-sensibilisation","status":"publish","type":"post","link":"https:\/\/www.autisme-neuchatel.ch\/New\/?p=6511","title":{"rendered":"Office AI: programme de sensibilisation"},"content":{"rendered":"<p style=\"font-weight: 400;\">Nous avons le plaisir de vous informer du lancement de notre campagne de sensibilisation digitale de l\u2019office AI. \u00a0Th\u00e9matisant les troubles DYS, TSA et TDAH sous le slogan \u00ab Tous\u00b7tes diff\u00e9rent\u00b7es. Et alors ? \u00bb, elle se pr\u00e9sente sous la forme de vid\u00e9os d\u2019animation et de portraits de jeunes t\u00e9moignant de leur parcours de vie qui seront diffus\u00e9s sur Instagram (public-cible : jeunes et parents), sur LinkedIn (public-cible : parents, employeurs, partenaires prestataires) et sur les \u00e9crans des transports publics neuch\u00e2telois durant quatre semaines. Les contenus ont \u00e9t\u00e9 r\u00e9alis\u00e9s en collaboration avec une \u00e9quipe de jeunes cr\u00e9atifs neuch\u00e2telois de l\u2019association Senders Production, dans une volont\u00e9 de travailler \u00ab Avec des jeunes, pour des jeunes \u00bb.<\/p>\n<p style=\"font-weight: 400;\">Pour clore la campagne, une vid\u00e9o d\u2019information d\u2019une quinzaine de minutes sera mise \u00e0 disposition de l\u2019OCOSP, des centres scolaires et de tout autre organisme int\u00e9ress\u00e9, sur demande\u00a0: elle reprend une partie de la campagne et donne la parole \u00e0 des intervenants de diff\u00e9rents horizons (une coach sp\u00e9cialis\u00e9e TSA, un p\u00e9dopsychiatre du Centre neuch\u00e2telois de psychiatrie, la directrice p\u00e9dagogique et un formateur d\u2019un centre de formation partenaire de notre Office, une conseill\u00e8re en r\u00e9adaptation professionnelle de notre Office) pour expliquer les tenants et aboutissants de ce qui est mis en place depuis le 1<sup>er<\/sup> janvier 2022 en faveur des jeunes de notre canton atteints dans leur sant\u00e9. Nous nourrissons l\u2019espoir qu\u2019elle pourra servir d\u2019entr\u00e9e en mati\u00e8re au corps enseignant ainsi qu\u2019aux conseillers et conseill\u00e8res en orientation pour th\u00e9matiser certains troubles de l\u2019apprentissage susceptibles de pr\u00e9t\u00e9riter les jeunes dans leur scolarit\u00e9 et dans leur formation professionnelle.<\/p>\n<p style=\"font-weight: 400;\">Tous les contenus diffus\u00e9s durant la campagne seront \u00e9galement mis \u00e0 disposition sur notre site Internet, sur la page consacr\u00e9e au <a href=\"https:\/\/www.ai-ne.ch\/personnes-assurees-particuliers#c5251\">DP\/IP Jeunes de 13 \u00e0 25 ans<\/a>.<\/p>\n<p style=\"font-weight: 400;\">\n<p style=\"font-weight: 400;\">Ensemble, concr\u00e9tisons leur avenir. Cette petite entorse \u00e0 notre slogan pour vous remercier d\u2019\u0153uvrer \u00e0 nos c\u00f4t\u00e9s et en r\u00e9seau pour que chaque jeune dans notre canton, peu importe ses difficult\u00e9s d\u2019apprentissage ou ses diff\u00e9rences, puisse s\u2019\u00e9panouir dans sa vie professionnelle et priv\u00e9e de la meilleure mani\u00e8re possible.<\/p>\n","protected":false},"excerpt":{"rendered":"<p>Nous avons le plaisir de vous informer du lancement de notre campagne de sensibilisation digitale de l\u2019office AI. \u00a0Th\u00e9matisant les troubles DYS, TSA et TDAH sous le slogan \u00ab Tous\u00b7tes &hellip; <\/p>\n<p class=\"link-more\"><a href=\"https:\/\/www.autisme-neuchatel.ch\/New\/?p=6511\" class=\"more-link\">Continuer la lecture<span class=\"screen-reader-text\"> de &laquo;&nbsp;Office AI: programme de sensibilisation&nbsp;&raquo;<\/span><\/a><\/p>\n","protected":false},"author":1,"featured_media":0,"comment_status":"closed","ping_status":"open","sticky":false,"template":"","format":"standard","meta":{"_price":"","_stock":"","_tribe_ticket_header":"","_tribe_default_ticket_provider":"","_tribe_ticket_capacity":"0","_ticket_start_date":"","_ticket_end_date":"","_tribe_ticket_show_description":"","_tribe_ticket_show_not_going":false,"_tribe_ticket_use_global_stock":"","_tribe_ticket_global_stock_level":"","_global_stock_mode":"","_global_stock_cap":"","_tribe_rsvp_for_event":"","_tribe_ticket_going_count":"","_tribe_ticket_not_going_count":"","_tribe_tickets_list":"[]","_tribe_ticket_has_attendee_info_fields":false,"footnotes":""},"categories":[3],"tags":[],"class_list":["post-6511","post","type-post","status-publish","format-standard","hentry","category-general"],"jetpack_featured_media_url":"","_links":{"self":[{"href":"https:\/\/www.autisme-neuchatel.ch\/New\/index.php?rest_route=\/wp\/v2\/posts\/6511","targetHints":{"allow":["GET"]}}],"collection":[{"href":"https:\/\/www.autisme-neuchatel.ch\/New\/index.php?rest_route=\/wp\/v2\/posts"}],"about":[{"href":"https:\/\/www.autisme-neuchatel.ch\/New\/index.php?rest_route=\/wp\/v2\/types\/post"}],"author":[{"embeddable":true,"href":"https:\/\/www.autisme-neuchatel.ch\/New\/index.php?rest_route=\/wp\/v2\/users\/1"}],"replies":[{"embeddable":true,"href":"https:\/\/www.autisme-neuchatel.ch\/New\/index.php?rest_route=%2Fwp%2Fv2%2Fcomments&post=6511"}],"version-history":[{"count":1,"href":"https:\/\/www.autisme-neuchatel.ch\/New\/index.php?rest_route=\/wp\/v2\/posts\/6511\/revisions"}],"predecessor-version":[{"id":6512,"href":"https:\/\/www.autisme-neuchatel.ch\/New\/index.php?rest_route=\/wp\/v2\/posts\/6511\/revisions\/6512"}],"wp:attachment":[{"href":"https:\/\/www.autisme-neuchatel.ch\/New\/index.php?rest_route=%2Fwp%2Fv2%2Fmedia&parent=6511"}],"wp:term":[{"taxonomy":"category","embeddable":true,"href":"https:\/\/www.autisme-neuchatel.ch\/New\/index.php?rest_route=%2Fwp%2Fv2%2Fcategories&post=6511"},{"taxonomy":"post_tag","embeddable":true,"href":"https:\/\/www.autisme-neuchatel.ch\/New\/index.php?rest_route=%2Fwp%2Fv2%2Ftags&post=6511"}],"curies":[{"name":"wp","href":"https:\/\/api.w.org\/{rel}","templated":true}]}}