{"id":489,"date":"2016-02-16T22:18:45","date_gmt":"2016-02-16T21:18:45","guid":{"rendered":"http:\/\/www.autisme-neuchatel.ch\/New\/?p=489"},"modified":"2016-02-16T22:18:45","modified_gmt":"2016-02-16T21:18:45","slug":"formation-cas-en-autisme-a-geneve","status":"publish","type":"post","link":"https:\/\/www.autisme-neuchatel.ch\/New\/?p=489","title":{"rendered":"Formation &#8211; CAS en autisme \u00e0 Gen\u00e8ve"},"content":{"rendered":"<p>Un nouveau CAS (Certificate of Advanced Studies &#8211; certificat de formation continue) en autisme voit le jour \u00e0 Gen\u00e8ve. Il est intitul\u00e9, Autisme: diagnostic, intervention et recherche.<br \/>\nIl aura lieu d&rsquo;octobre 2016 \u00e0 juin 2018 et les inscriptions sont ouvertes d\u00e8s \u00e0 pr\u00e9sent (nombre de places limit\u00e9).<br \/>\nToutes les informations concernant le programme et les inscriptions se trouvent <a href=\"http:\/\/www.unige.ch\/formcont\/casautisme\" target=\"_blank\">ici<\/a>.<\/p>\n","protected":false},"excerpt":{"rendered":"<p>Un nouveau CAS (Certificate of Advanced Studies &#8211; certificat de formation continue) en autisme voit le jour \u00e0 Gen\u00e8ve. Il est intitul\u00e9, Autisme: diagnostic, intervention et recherche. Il aura lieu &hellip; <\/p>\n<p class=\"link-more\"><a href=\"https:\/\/www.autisme-neuchatel.ch\/New\/?p=489\" class=\"more-link\">Continuer la lecture<span class=\"screen-reader-text\"> de &laquo;&nbsp;Formation &#8211; CAS en autisme \u00e0 Gen\u00e8ve&nbsp;&raquo;<\/span><\/a><\/p>\n","protected":false},"author":1,"featured_media":0,"comment_status":"closed","ping_status":"open","sticky":false,"template":"","format":"standard","meta":{"_price":"","_stock":"","_tribe_ticket_header":"","_tribe_default_ticket_provider":"","_tribe_ticket_capacity":"0","_ticket_start_date":"","_ticket_end_date":"","_tribe_ticket_show_description":"","_tribe_ticket_show_not_going":false,"_tribe_ticket_use_global_stock":"","_tribe_ticket_global_stock_level":"","_global_stock_mode":"","_global_stock_cap":"","_tribe_rsvp_for_event":"","_tribe_ticket_going_count":"","_tribe_ticket_not_going_count":"","_tribe_tickets_list":"[]","_tribe_ticket_has_attendee_info_fields":false,"footnotes":""},"categories":[9],"tags":[],"class_list":["post-489","post","type-post","status-publish","format-standard","hentry","category-formation"],"jetpack_featured_media_url":"","_links":{"self":[{"href":"https:\/\/www.autisme-neuchatel.ch\/New\/index.php?rest_route=\/wp\/v2\/posts\/489","targetHints":{"allow":["GET"]}}],"collection":[{"href":"https:\/\/www.autisme-neuchatel.ch\/New\/index.php?rest_route=\/wp\/v2\/posts"}],"about":[{"href":"https:\/\/www.autisme-neuchatel.ch\/New\/index.php?rest_route=\/wp\/v2\/types\/post"}],"author":[{"embeddable":true,"href":"https:\/\/www.autisme-neuchatel.ch\/New\/index.php?rest_route=\/wp\/v2\/users\/1"}],"replies":[{"embeddable":true,"href":"https:\/\/www.autisme-neuchatel.ch\/New\/index.php?rest_route=%2Fwp%2Fv2%2Fcomments&post=489"}],"version-history":[{"count":2,"href":"https:\/\/www.autisme-neuchatel.ch\/New\/index.php?rest_route=\/wp\/v2\/posts\/489\/revisions"}],"predecessor-version":[{"id":491,"href":"https:\/\/www.autisme-neuchatel.ch\/New\/index.php?rest_route=\/wp\/v2\/posts\/489\/revisions\/491"}],"wp:attachment":[{"href":"https:\/\/www.autisme-neuchatel.ch\/New\/index.php?rest_route=%2Fwp%2Fv2%2Fmedia&parent=489"}],"wp:term":[{"taxonomy":"category","embeddable":true,"href":"https:\/\/www.autisme-neuchatel.ch\/New\/index.php?rest_route=%2Fwp%2Fv2%2Fcategories&post=489"},{"taxonomy":"post_tag","embeddable":true,"href":"https:\/\/www.autisme-neuchatel.ch\/New\/index.php?rest_route=%2Fwp%2Fv2%2Ftags&post=489"}],"curies":[{"name":"wp","href":"https:\/\/api.w.org\/{rel}","templated":true}]}}